{"id":823,"date":"2021-03-20T12:40:47","date_gmt":"2021-03-20T10:40:47","guid":{"rendered":"http:\/\/evikeifl.de\/?p=823"},"modified":"2021-03-20T12:56:50","modified_gmt":"2021-03-20T10:56:50","slug":"unten-in-der-kaserne","status":"publish","type":"post","link":"https:\/\/evikeifl.de\/?p=823","title":{"rendered":"Unten in der Kaserne\u2026"},"content":{"rendered":"\n<p class=\"has-medium-font-size\">Die Geschichte der \u201eMercanti\u201c Kaserne in St. Michael Eppan\u00a0\u00a0<\/p>\n\n\n\n<figure class=\"wp-block-embed is-type-video is-provider-vimeo wp-block-embed-vimeo\"><div class=\"wp-block-embed__wrapper\">\n<iframe loading=\"lazy\" title=\"Unten in der Kaserne\" src=\"https:\/\/player.vimeo.com\/video\/526525109?h=b0e668be24&amp;dnt=1&amp;app_id=122963\" width=\"950\" height=\"534\" frameborder=\"0\" allow=\"autoplay; fullscreen; picture-in-picture\" allowfullscreen><\/iframe>\n<\/div><\/figure>\n\n\n\n<p>Von Bozen kommend ist sie am Dorfeingang von St. Michael un\u00fcbersehbar, aus der Vogelperspektive wird ihr riesiges Areal deutlich &#8211; die Kaserne, benannt nach dem faschistischen General Arturo Mercanti positioniert sich prominent im Dorfbild von St. Michael Eppan.<\/p>\n\n\n\n<p>Als ungebetener Gast, an den man sich gew\u00f6hnt hat, geh\u00f6rt sie seit einem knappen Jahrhundert zur Dorfgeschichte. Wie in einer geheimnisvollen Enklave f\u00fchrten die Alpini des 4. Armee Corps bis zu ihrer Abberufung 1995 hier 50 Jahre lang ein Eigenleben, von dem das Dorf wenig mitbekommen hat.&nbsp;<\/p>\n\n\n\n<p>Im kollektiven Ged\u00e4chtnis geblieben ist das Wissen um die schmerzliche Enteignung wertvollen Kulturgrundes in den 1930iger Jahren. Weitgehend unbekannt hingegen ist, dass sich die Geschichte der Kaserne mit dem Kriegsgeschehen des 2. Weltkrieges deckt &#8211; von der Macht\u00fcbernahme der Faschisten \u00fcber die Besetzung durch die Wehrmacht bis zur Bombardierung durch die Alliierten &#8211; rund um die&nbsp;&nbsp;Mercanti Kaserne hat sich der gro\u00dfe Krieg im Kleinen abgebildet. Davon und vom Leben in und mit der Kaserne berichten Zeitzeugen und ein Historiker.<\/p>\n\n\n\n<p>In S\u00fcdtirol werden in den n\u00e4chsten Jahren mehrere ehemalige Kasernen anderen Zwecken zugef\u00fchrt. Sie verschwinden damit nicht nur physisch sondern auch als Teil der Dorfgeschichten&nbsp;aus dem kollektiven Ged\u00e4chtnis. Stellvertretend f\u00fcr sie&nbsp;alle wirdam Beispiel der&nbsp;\u201eMercanti\u201c-&nbsp;Kaserne in St. Michael Eppan diese j\u00fcngere (Dorf)Geschichte dokumentiert.<\/p>\n","protected":false},"excerpt":{"rendered":"<p>Die Geschichte der \u201eMercanti\u201c Kaserne in St. Michael Eppan\u00a0\u00a0 Von Bozen kommend ist sie am Dorfeingang von St. Michael un\u00fcbersehbar, aus der Vogelperspektive wird ihr riesiges Areal deutlich &#8211; die Kaserne, benannt nach dem faschistischen General Arturo Mercanti positioniert sich prominent im Dorfbild von St. Michael Eppan. Als ungebetener Gast, an den man sich gew\u00f6hnt [&hellip;]<\/p>\n","protected":false},"author":1,"featured_media":824,"comment_status":"closed","ping_status":"closed","sticky":false,"template":"","format":"standard","meta":{"footnotes":""},"categories":[4],"tags":[],"class_list":["post-823","post","type-post","status-publish","format-standard","has-post-thumbnail","hentry","category-portfolio"],"_links":{"self":[{"href":"https:\/\/evikeifl.de\/index.php?rest_route=\/wp\/v2\/posts\/823","targetHints":{"allow":["GET"]}}],"collection":[{"href":"https:\/\/evikeifl.de\/index.php?rest_route=\/wp\/v2\/posts"}],"about":[{"href":"https:\/\/evikeifl.de\/index.php?rest_route=\/wp\/v2\/types\/post"}],"author":[{"embeddable":true,"href":"https:\/\/evikeifl.de\/index.php?rest_route=\/wp\/v2\/users\/1"}],"replies":[{"embeddable":true,"href":"https:\/\/evikeifl.de\/index.php?rest_route=%2Fwp%2Fv2%2Fcomments&post=823"}],"version-history":[{"count":2,"href":"https:\/\/evikeifl.de\/index.php?rest_route=\/wp\/v2\/posts\/823\/revisions"}],"predecessor-version":[{"id":827,"href":"https:\/\/evikeifl.de\/index.php?rest_route=\/wp\/v2\/posts\/823\/revisions\/827"}],"wp:featuredmedia":[{"embeddable":true,"href":"https:\/\/evikeifl.de\/index.php?rest_route=\/wp\/v2\/media\/824"}],"wp:attachment":[{"href":"https:\/\/evikeifl.de\/index.php?rest_route=%2Fwp%2Fv2%2Fmedia&parent=823"}],"wp:term":[{"taxonomy":"category","embeddable":true,"href":"https:\/\/evikeifl.de\/index.php?rest_route=%2Fwp%2Fv2%2Fcategories&post=823"},{"taxonomy":"post_tag","embeddable":true,"href":"https:\/\/evikeifl.de\/index.php?rest_route=%2Fwp%2Fv2%2Ftags&post=823"}],"curies":[{"name":"wp","href":"https:\/\/api.w.org\/{rel}","templated":true}]}}