{"id":780,"date":"2020-03-27T14:30:26","date_gmt":"2020-03-27T12:30:26","guid":{"rendered":"http:\/\/evikeifl.de\/?p=780"},"modified":"2020-03-27T14:30:26","modified_gmt":"2020-03-27T12:30:26","slug":"das-haus-an-der-klamm","status":"publish","type":"post","link":"https:\/\/evikeifl.de\/?p=780","title":{"rendered":"Das Haus an der Klamm"},"content":{"rendered":"\n<iframe loading=\"lazy\" src=\"https:\/\/player.vimeo.com\/video\/401318487\" width=\"640\" height=\"360\" frameborder=\"0\" allow=\"autoplay; fullscreen\" allowfullscreen=\"\"><\/iframe>\n\n\n\n<p><strong>Die Finanzkaserne in St. Peter im Ahrntal<\/strong><\/p>\n\n\n\n<p>St. Peter im Ahrntal: An der Gemeindegrenze zu Prettau steht das Geb\u00e4ude der ehemaligen Kaserne \u201eTenente Arcioni\u201c, vor drei\u00dfig Jahren von ihren Erbauern und einstigen Bewohnern, der italienischen Finanzwache verlassen, dem Verfall preisgegeben, von B\u00e4umen und Gestr\u00fcpp \u00fcberwuchert. Benannt ist die Kaserne nach dem im Kriegswinter 1916 im blutigen Stellungskrieg am Monte Sperone im Ledrotal gefallenen, jungen Offizier der Finanzwache Francesco Arcioni. Trotz des fortgeschrittenen Verfalls erinnern viele Details und liebevoll gestaltete Bauelemente an bessere Zeiten, an gute und pr\u00e4gende Erfahrungen in diesem abgelegenen Posten hart an der Grenze zu \u00d6sterreich.<\/p>\n\n\n\n<p>Die Geschichte der Finanzkaserne in St.Peter im Ahrntal ist auf den ersten Blick fast vergessen. So wie der Bau selbst zwischen wild wuchernden haushohen B\u00e4umen kaum noch auszumachen ist, so liegt auch im kollektiven Ged\u00e4chtnis der Bev\u00f6lkerung vieles vergraben. Man muss schon gezielt nachfragen und Erinnerungen wachrufen, um etwas \u00fcber das Geb\u00e4ude und seine wechselnden Bewohner zu erfahren. Doch einmal wachgerufen, sind die Erinnerungen lebendig und \u00fcberraschend oft von gegenseitigem Verst\u00e4ndnis gepr\u00e4gt.<\/p>\n\n\n\n<p>In der Doku kommen ehemalige Finanzpolizisten zu Wort, die sich an viele Details ihres Kasernenlebens erinnern, die enteigneten Bauern, denen der Bau noch immer ein Dorn im Auge ist, ehemalige NachbarInnen, die mit und von der Kaserne gelebt haben, DorfbewohnerInnen, die sich an gute und weniger gute Erfahrungen mit den \u201eFinanzern\u201c erinnern, Bauern, die ihr Vieh sommers auf die Weiden jenseits der Grenzen trieben und daher im Fokus der Grenzposten standen\u2026<\/p>\n\n\n\n<p>Filmdoku 2019, 30 Minuten<\/p>\n\n\n\n<p>Die Idee zu dieser filmischen Aufarbeitung stammt vom Bildungsausschuss Ahrntal.<\/p>\n\n\n\n<p>Erstauff\u00fchrung Fr\u00fchjahr 2019, Steinhaus im Ahrntal<\/p>\n\n\n\n<div class=\"wp-block-columns is-layout-flex wp-container-core-columns-is-layout-9d6595d7 wp-block-columns-is-layout-flex\">\n<div class=\"wp-block-column is-layout-flow wp-block-column-is-layout-flow\">\n<h4 class=\"has-text-align-center wp-block-heading\">Interviews, Texte und Co-Autorin<\/h4>\n\n\n\n<p class=\"has-text-align-center\"><strong>Evi Keifl<\/strong><\/p>\n<\/div>\n\n\n\n<div class=\"wp-block-column is-layout-flow wp-block-column-is-layout-flow\">\n<h4 class=\"has-text-align-center wp-block-heading\">Schnitt und Produktion&nbsp;<\/h4>\n\n\n\n<figure class=\"wp-block-image size-large\"><a href=\"http:\/\/jirigasperi.eu\"><img loading=\"lazy\" decoding=\"async\" width=\"200\" height=\"59\" src=\"https:\/\/evikeifl.de\/wp-content\/uploads\/2020\/03\/Outlook-dyc4ogqr.jpg\" alt=\"\" class=\"wp-image-768\"\/><\/a><\/figure>\n<\/div>\n\n\n\n<div class=\"wp-block-column is-layout-flow wp-block-column-is-layout-flow\">\n<h4 class=\"has-text-align-center wp-block-heading\">N\u00e4here Infos zu Vorf\u00fchrrechten sind erh\u00e4ltlich \u00fcber&nbsp;<\/h4>\n\n\n\n<figure class=\"wp-block-image size-large\"><a href=\"http:\/\/jirigasperi.eu\"><img loading=\"lazy\" decoding=\"async\" width=\"200\" height=\"59\" src=\"https:\/\/evikeifl.de\/wp-content\/uploads\/2020\/03\/Outlook-dyc4ogqr.jpg\" alt=\"\" class=\"wp-image-768\"\/><\/a><\/figure>\n<\/div>\n<\/div>\n","protected":false},"excerpt":{"rendered":"<p>Die Finanzkaserne in St. Peter im Ahrntal St. Peter im Ahrntal: An der Gemeindegrenze zu Prettau steht das Geb\u00e4ude der ehemaligen Kaserne \u201eTenente Arcioni\u201c, vor drei\u00dfig Jahren von ihren Erbauern und einstigen Bewohnern, der italienischen Finanzwache verlassen, dem Verfall preisgegeben, von B\u00e4umen und Gestr\u00fcpp \u00fcberwuchert. Benannt ist die Kaserne nach dem im Kriegswinter 1916 im [&hellip;]<\/p>\n","protected":false},"author":1,"featured_media":804,"comment_status":"closed","ping_status":"closed","sticky":false,"template":"","format":"standard","meta":{"footnotes":""},"categories":[4],"tags":[],"class_list":["post-780","post","type-post","status-publish","format-standard","has-post-thumbnail","hentry","category-portfolio"],"_links":{"self":[{"href":"https:\/\/evikeifl.de\/index.php?rest_route=\/wp\/v2\/posts\/780","targetHints":{"allow":["GET"]}}],"collection":[{"href":"https:\/\/evikeifl.de\/index.php?rest_route=\/wp\/v2\/posts"}],"about":[{"href":"https:\/\/evikeifl.de\/index.php?rest_route=\/wp\/v2\/types\/post"}],"author":[{"embeddable":true,"href":"https:\/\/evikeifl.de\/index.php?rest_route=\/wp\/v2\/users\/1"}],"replies":[{"embeddable":true,"href":"https:\/\/evikeifl.de\/index.php?rest_route=%2Fwp%2Fv2%2Fcomments&post=780"}],"version-history":[{"count":5,"href":"https:\/\/evikeifl.de\/index.php?rest_route=\/wp\/v2\/posts\/780\/revisions"}],"predecessor-version":[{"id":805,"href":"https:\/\/evikeifl.de\/index.php?rest_route=\/wp\/v2\/posts\/780\/revisions\/805"}],"wp:featuredmedia":[{"embeddable":true,"href":"https:\/\/evikeifl.de\/index.php?rest_route=\/wp\/v2\/media\/804"}],"wp:attachment":[{"href":"https:\/\/evikeifl.de\/index.php?rest_route=%2Fwp%2Fv2%2Fmedia&parent=780"}],"wp:term":[{"taxonomy":"category","embeddable":true,"href":"https:\/\/evikeifl.de\/index.php?rest_route=%2Fwp%2Fv2%2Fcategories&post=780"},{"taxonomy":"post_tag","embeddable":true,"href":"https:\/\/evikeifl.de\/index.php?rest_route=%2Fwp%2Fv2%2Ftags&post=780"}],"curies":[{"name":"wp","href":"https:\/\/api.w.org\/{rel}","templated":true}]}}